{"id":513,"date":"2023-12-14T12:00:00","date_gmt":"2023-12-14T12:00:00","guid":{"rendered":"https:\/\/apustrust.com\/web-qa\/?p=513"},"modified":"2024-03-05T16:57:03","modified_gmt":"2024-03-05T16:57:03","slug":"mostra-das-tecnologias-e-conferencia-evento-promovido-pela-acif","status":"publish","type":"post","link":"https:\/\/apustrust.com\/web-qa\/blog\/2023\/12\/14\/mostra-das-tecnologias-e-conferencia-evento-promovido-pela-acif\/","title":{"rendered":"Mostra das Tecnologias e Confer\u00eancia, evento promovido pela ACIF"},"content":{"rendered":"\n\n\n<p style=\"text-align: justify\"><span style=\"line-height:1.5\">No passado dia 6, decorreu, no Ballroom do Savoy Palace, a Mostra das Tecnologias e Confer\u00eancia, um evento promovido pela Associa\u00e7\u00e3o Comercial e Industrial do Funchal. <br> <br> Com um programa divido entre 4 tem\u00e1ticas, a primeira edi\u00e7\u00e3o do evento ficou marcada pelo discurso e modera\u00e7\u00e3o do nosso CEO, Vitorino Gouveia, no primeiro tema do dia &#8211; Ciberseguran\u00e7a \/ Prote\u00e7\u00e3o de dados. <br><br> Confira o programa abaixo: <br><\/span><br> <\/p>\n\n\n\n\n\n\nLino Santos\n\n\nCoordenador do Centro Nacional de Ciberseguran\u00e7a\n\n\n\n\nCarlos Cabreiro\n\n\nDiretor da Unidade Nacional de Combate ao Cibercrime\n\n\n\n\nNuno Perry\n\n\nDiretor dos Servi\u00e7os Regionais de Ciberseguran\u00e7a\n\n\n\n\nVitorino Gouveia &#8211; Moderador\n\n\nCOO XisGroup, CEO ApusTrust e Membro da Mesa de Tecnologias da ACIF-CCIM\n\n\n\n\n\n\n\n\n\n\nCl\u00e1udia Barroso\n\n\nAssessora do Conselho Diretivo da AMA &#8211; Ag\u00eancia para a Moderniza\u00e7\u00e3o Administrativa\n\n\n\n\n\u00c9lia Ribeiro\n\n\nDiretora Regional de Inform\u00e1tica\n\n\n\n\nBruno Macedo\n\n\nPresidente do Conselho Diretivo da Ag\u00eancia de Inova\u00e7\u00e3o e Moderniza\u00e7\u00e3o\n\n\n\n\nLu\u00eds Sousa &#8211; Moderador\n\n\nAdministrador da ACIN &#8211; iCloud Solutions, Lda e Membro da Mesa das Tecnologias da ACIF-CCIM\n\n\n\n\n\n\n\n\n\n\nAna Madureira\n\n\nInvestigadora do INOV Inesc Inova\u00e7\u00e3o (CTI)\/Diretora do ISRC\/ISEP-P.Porto\n\n\n\n\nRicardo Fabr\u00edcio Rodrigues\n\n\nProfessor Auxiliar da Faculdade de Ci\u00eancias Sociais da Universidade da Madeira\n\n\n\n\nAnt\u00f3nio Jardim Fernandes\n\n\nVice-presidente da Dire\u00e7\u00e3o da ACIF-CCIM\n\n\n\n\nLino N\u00f3brega &#8211; Moderador\n\n\nAdministrador do INSC &#8211; Inform\u00e1tica, Servi\u00e7os e Consultoria, Lda e Presidente da Mesa das Tecnologias da ACIF-CCIM\n\n\n\n\n\n\n\n\n\n\nVanessa Monteiro de Barros\n\n\nT\u00e9cnica Superior de Recursos Internos e do Licenciamento da Dire\u00e7\u00e3o-Geral de Recursos Naturais, Seguran\u00e7a e Servi\u00e7os Mar\u00edtimos\n\n\n\n\nBruno Pereira\n\n\nVereador da C\u00e2mara Municipal do Funchal\n\n\n\n\nPaula Caba\u00e7o\n\n\nPresidente do Conselho de Administra\u00e7\u00e3o dos Portos da Regi\u00e3o Aut\u00f3noma da Madeira\n\n\n\n\nJorge Fernandes &#8211; Moderador\n\n\nCoordenador da Expedita\/GesTools\n\n\n\n\n\n\n\n\n\n\n\n\n<p>Caso deseje ver as fotografias do evento, selecione o bot\u00e3o abaixo.<\/p>\n\n\n\n\n","protected":false},"excerpt":{"rendered":"","protected":false},"author":3,"featured_media":524,"comment_status":"closed","ping_status":"closed","sticky":false,"template":"","format":"standard","meta":{"pagelayer_contact_templates":[],"_pagelayer_content":"","footnotes":""},"categories":[15],"tags":[],"class_list":["post-513","post","type-post","status-publish","format-standard","has-post-thumbnail","hentry","category-noticias"],"_links":{"self":[{"href":"https:\/\/apustrust.com\/web-qa\/wp-json\/wp\/v2\/posts\/513","targetHints":{"allow":["GET"]}}],"collection":[{"href":"https:\/\/apustrust.com\/web-qa\/wp-json\/wp\/v2\/posts"}],"about":[{"href":"https:\/\/apustrust.com\/web-qa\/wp-json\/wp\/v2\/types\/post"}],"author":[{"embeddable":true,"href":"https:\/\/apustrust.com\/web-qa\/wp-json\/wp\/v2\/users\/3"}],"replies":[{"embeddable":true,"href":"https:\/\/apustrust.com\/web-qa\/wp-json\/wp\/v2\/comments?post=513"}],"version-history":[{"count":10,"href":"https:\/\/apustrust.com\/web-qa\/wp-json\/wp\/v2\/posts\/513\/revisions"}],"predecessor-version":[{"id":526,"href":"https:\/\/apustrust.com\/web-qa\/wp-json\/wp\/v2\/posts\/513\/revisions\/526"}],"wp:featuredmedia":[{"embeddable":true,"href":"https:\/\/apustrust.com\/web-qa\/wp-json\/wp\/v2\/media\/524"}],"wp:attachment":[{"href":"https:\/\/apustrust.com\/web-qa\/wp-json\/wp\/v2\/media?parent=513"}],"wp:term":[{"taxonomy":"category","embeddable":true,"href":"https:\/\/apustrust.com\/web-qa\/wp-json\/wp\/v2\/categories?post=513"},{"taxonomy":"post_tag","embeddable":true,"href":"https:\/\/apustrust.com\/web-qa\/wp-json\/wp\/v2\/tags?post=513"}],"curies":[{"name":"wp","href":"https:\/\/api.w.org\/{rel}","templated":true}]}}