{"id":636,"date":"2024-03-19T14:57:47","date_gmt":"2024-03-19T14:57:47","guid":{"rendered":"https:\/\/apustrust.com\/web-qa\/?p=636"},"modified":"2024-03-20T16:28:59","modified_gmt":"2024-03-20T16:28:59","slug":"balanco-do-evento-ciberseguranca-e-protecao-de-dados-na-pratica","status":"publish","type":"post","link":"https:\/\/apustrust.com\/web-qa\/blog\/2024\/03\/19\/balanco-do-evento-ciberseguranca-e-protecao-de-dados-na-pratica\/","title":{"rendered":"Balan\u00e7o do evento &#8220;Ciberseguran\u00e7a e Prote\u00e7\u00e3o de Dados, na Pr\u00e1tica&#8221;"},"content":{"rendered":"\n\n\n<p style=\"text-align: justify\"><span style=\"line-height:1.5\"><\/span><\/p><span style=\"line-height: 2\"><p style=\"text-align: justify\">Com muito orgulho e gratid\u00e3o, fazemos o balan\u00e7o do evento<em> Ciberseguran\u00e7a e Prote\u00e7\u00e3o de Dados, na Pr\u00e1tica<\/em>, promovido pela Apus Trust no passado dia 14 de mar\u00e7o, empresa especializada em ciberseguran\u00e7a e prote\u00e7\u00e3o de dados, por ocasi\u00e3o do seu primeiro anivers\u00e1rio. <br><br> Com o fant\u00e1stico Audit\u00f3rio do Museu Casa da Luz da EEM lotado, 150 participantes beneficiaram da troca de experi\u00eancias, conhecimentos e pontos de vista nas \u00e1reas de Ciberseguran\u00e7a e Prote\u00e7\u00e3o de Dados. Agradecemos a mensagem de abertura pelo Eng. Davide Sousa (Diretor da Dire\u00e7\u00e3o de Sistemas de Informa\u00e7\u00e3o da EEM), \u00f3tima modera\u00e7\u00e3o do debate pelo Jornalista Miguel Garda (R\u00e1dio JM\/FM) e brilhantes interven\u00e7\u00f5es dos oradores: Eng. Nuno Perry (Diretor de Servi\u00e7os de Ciberseguran\u00e7a do Governo Regional da Madeira), Dr\u00aa Carla Freitas (CISO da EEM), Dr. Filipe Marques (Administrador do Grupo Cardoso), Professor Eduardo Marques (Docente e Investigador da UMa na \u00e1rea da Ciberseguran\u00e7a) e Eng. Vitorino Gouveia (Diretor Geral da Apus Trust e Especialista em Ciberseguran\u00e7a e Prote\u00e7\u00e3o de Dados)<br><br>Agradecemos ainda \u00e0 EEM, Xis Group, JM Madeira, Justinos Madeira e Frutas Classe M pelo apoio na organiza\u00e7\u00e3o do evento.<br><br>Do brinde e conv\u00edvio no final, ficou o sentimento de dever cumprido e vontade de fazer mais e melhor, convosco! <br><br>Obrigado.<\/p><\/span><p style=\"text-align: justify\"><\/p>\n\n\n","protected":false},"excerpt":{"rendered":"","protected":false},"author":3,"featured_media":639,"comment_status":"closed","ping_status":"closed","sticky":false,"template":"","format":"standard","meta":{"pagelayer_contact_templates":[],"_pagelayer_content":"","footnotes":""},"categories":[14],"tags":[],"class_list":["post-636","post","type-post","status-publish","format-standard","has-post-thumbnail","hentry","category-eventos"],"_links":{"self":[{"href":"https:\/\/apustrust.com\/web-qa\/wp-json\/wp\/v2\/posts\/636","targetHints":{"allow":["GET"]}}],"collection":[{"href":"https:\/\/apustrust.com\/web-qa\/wp-json\/wp\/v2\/posts"}],"about":[{"href":"https:\/\/apustrust.com\/web-qa\/wp-json\/wp\/v2\/types\/post"}],"author":[{"embeddable":true,"href":"https:\/\/apustrust.com\/web-qa\/wp-json\/wp\/v2\/users\/3"}],"replies":[{"embeddable":true,"href":"https:\/\/apustrust.com\/web-qa\/wp-json\/wp\/v2\/comments?post=636"}],"version-history":[{"count":10,"href":"https:\/\/apustrust.com\/web-qa\/wp-json\/wp\/v2\/posts\/636\/revisions"}],"predecessor-version":[{"id":651,"href":"https:\/\/apustrust.com\/web-qa\/wp-json\/wp\/v2\/posts\/636\/revisions\/651"}],"wp:featuredmedia":[{"embeddable":true,"href":"https:\/\/apustrust.com\/web-qa\/wp-json\/wp\/v2\/media\/639"}],"wp:attachment":[{"href":"https:\/\/apustrust.com\/web-qa\/wp-json\/wp\/v2\/media?parent=636"}],"wp:term":[{"taxonomy":"category","embeddable":true,"href":"https:\/\/apustrust.com\/web-qa\/wp-json\/wp\/v2\/categories?post=636"},{"taxonomy":"post_tag","embeddable":true,"href":"https:\/\/apustrust.com\/web-qa\/wp-json\/wp\/v2\/tags?post=636"}],"curies":[{"name":"wp","href":"https:\/\/api.w.org\/{rel}","templated":true}]}}